{"id":882,"date":"2026-01-13T12:16:45","date_gmt":"2026-01-13T10:16:45","guid":{"rendered":"https:\/\/hitzezpsikologia.com\/blog\/?p=882"},"modified":"2026-01-14T20:51:37","modified_gmt":"2026-01-14T18:51:37","slug":"cronologia-del-posparto-cuanto-tiempo-tardan-el-cuerpo-y-la-mente-en-recuperarse","status":"publish","type":"post","link":"https:\/\/hitzezpsikologia.com\/blog\/?p=882","title":{"rendered":"Cronolog\u00eda del posparto: \u00bfCu\u00e1nto tiempo tardan el cuerpo y la mente en recuperarse?"},"content":{"rendered":"\n<div class=\"wp-block-media-text is-stacked-on-mobile\" style=\"grid-template-columns:43% auto\"><figure class=\"wp-block-media-text__media\"><img loading=\"lazy\" decoding=\"async\" width=\"894\" height=\"541\" src=\"https:\/\/hitzezpsikologia.com\/blog\/wp-content\/uploads\/2026\/01\/posparto.png\" alt=\"\" class=\"wp-image-883 size-full\" srcset=\"https:\/\/hitzezpsikologia.com\/blog\/wp-content\/uploads\/2026\/01\/posparto.png 894w, https:\/\/hitzezpsikologia.com\/blog\/wp-content\/uploads\/2026\/01\/posparto-300x182.png 300w, https:\/\/hitzezpsikologia.com\/blog\/wp-content\/uploads\/2026\/01\/posparto-768x465.png 768w\" sizes=\"auto, (max-width: 894px) 100vw, 894px\" \/><\/figure><div class=\"wp-block-media-text__content\">\n<p><sub>Una madre con su beb\u00e9 reci\u00e9n nacido&nbsp;Nathaniel Kiefer | iStock<\/sub><\/p>\n\n\n\n<p><sub><a href=\"https:\/\/www.eldiario.es\/autores\/merce_palau\/\">Merc\u00e8 Palau<\/a> 9 de diciembre de 2025&nbsp;05:00 h<\/sub><\/p>\n\n\n\n<p><a href=\"https:\/\/www.eldiario.es\/edcreativo\/diario-salud\/cronologia-posparto-tiempo-tardan-cuerpo-mente-recuperarse_1_12819686.html\"><sub>https:\/\/www.eldiario.es\/edcreativo\/diario-salud\/cronologia-posparto-tiempo-tardan-cuerpo-mente-recuperarse_1_12819686.html<\/sub><\/a><\/p>\n<\/div><\/div>\n\n\n\n<p>Una peque\u00f1a rese\u00f1a, para reflexionar sobre este articulo que d\u00eda a d\u00eda moviliza a muchas madres en sus diferentes tiempos de posparto, sobre un art\u00edculo publicado en elDiario.es.<\/p>\n\n\n\n<p>El art\u00edculo de <em>elDiario.es<\/em> invita a detenernos en el posparto no solo como un tiempo de recuperaci\u00f3n f\u00edsica, sino como un momento en el que el cuerpo \u2014tal como era conocido y representado\u2014 se transforma profundamente. \u00bfQu\u00e9<strong> ocurre cuando el cuerpo que habit\u00e1bamos ya no responde a la imagen que ten\u00edamos de \u00e9l? <\/strong>No se trata \u00fanicamente de \u00f3rganos, hormonas o plazos m\u00e9dicos, sino tambi\u00e9n del <strong>cuerpo imaginario<\/strong>: ese cuerpo propio cargado de expectativas, ideales y significaciones, que tras el parto ya no es el mismo.<\/p>\n\n\n\n<p>El art\u00edculo cuestiona la idea extendida de que el cuerpo \u201cvuelve a la normalidad\u201d en pocas semanas, algo que solo podr\u00eda plantear entre signos de pregunta. La recuperaci\u00f3n f\u00edsica y mental puede llevar meses, incluso a\u00f1os. <strong>\u00bfQu\u00e9 efectos tiene vivir estos cambios en una cultura que exige rapidez, rendimiento y adaptaci\u00f3n inmediata? \u00bfQu\u00e9 lugar queda para el cansancio, la fragilidad o la sensaci\u00f3n de extra\u00f1eza frente al propio cuerpo?<\/strong><\/p>\n\n\n\n<p>El posparto, desde el psicoan\u00e1lisis puede pensarse como un tiempo en el que el cuerpo real irrumpe y desajusta la imagen previa. El cuerpo que gest\u00f3, pari\u00f3 y ahora cuida ya no encaja del todo en los ideales anteriores. <strong>\u00bfC\u00f3mo se elabora ese desajuste? \u00bfSe trata de \u201cvolver a ser la de antes\u201d o de construir una nueva forma de habitar el cuerpo y el deseo?<\/strong><\/p>\n\n\n\n<p>El art\u00edculo menciona tambi\u00e9n la tristeza, ansiedad, sensaci\u00f3n de desborde, que muchas veces son silenciados o minimizados. <strong>\u00bfQu\u00e9 sucede cuando estos afectos no encuentran palabra ni escucha? \u00bfCu\u00e1ntas veces el malestar se vive como una falla personal y no como parte de una profunda reorganizaci\u00f3n subjetiva?<\/strong><\/p>\n\n\n\n<p>Pensar el posparto desde el cuerpo imaginario nos permite abrir otra pregunta:<strong> \u00bfy si no se tratara de recuperarse, sino de reconocerse en una transformaci\u00f3n? Dar tiempo y espacio a este proceso implica aceptar que no todo es medible ni controlable, y que el cuerpo, en su dimensi\u00f3n subjetiva, tambi\u00e9n necesita ser escuchado.<\/strong><\/p>\n\n\n\n<p>Hitzez psikologia. <\/p>\n\n\n\n<p><\/p>\n","protected":false},"excerpt":{"rendered":"<p>Una madre con su beb\u00e9 reci\u00e9n nacido&nbsp;Nathaniel Kiefer | iStock Merc\u00e8 Palau 9 de diciembre de 2025&nbsp;05:00 h https:\/\/www.eldiario.es\/edcreativo\/diario-salud\/cronologia-posparto-tiempo-tardan-cuerpo-mente-recuperarse_1_12819686.html Una peque\u00f1a rese\u00f1a, para reflexionar sobre &hellip; <\/p>\n","protected":false},"author":1,"featured_media":883,"comment_status":"open","ping_status":"open","sticky":false,"template":"","format":"standard","meta":{"_jetpack_newsletter_access":"","_jetpack_dont_email_post_to_subs":false,"_jetpack_newsletter_tier_id":0,"_jetpack_memberships_contains_paywalled_content":false,"_jetpack_feature_clip_id":0,"_jetpack_memberships_contains_paid_content":false,"footnotes":"","jetpack_post_was_ever_published":false},"categories":[236],"tags":[153,35,250],"class_list":["post-882","post","type-post","status-publish","format-standard","has-post-thumbnail","hentry","category-actualidad","tag-cuerpo","tag-madre","tag-posparto"],"jetpack-related-posts":[{"id":717,"url":"https:\/\/hitzezpsikologia.com\/blog\/?p=717","url_meta":{"origin":882,"position":0},"title":"Workin\u2019 Moms","author":"HitzezPsikologia","date":"21 de diciembre de 2023","format":false,"excerpt":"\u00bfQui\u00e9n dice que las madres no se cansan? Bueno\u2026 \u00bfQui\u00e9n se atreve a decir que la crianza y educaci\u00f3n de los ni\u00f1os es tarea sencilla, cuando tambi\u00e9n se quiere seguir siendo mujer? Kate Foster (la misma Reitman) representa el personaje protagonista de la serie, y es la ejecutiva de relaciones\u2026","rel":"","context":"En \u00abPel\u00edculas\u00bb","block_context":{"text":"Pel\u00edculas","link":"https:\/\/hitzezpsikologia.com\/blog\/?cat=49"},"img":{"alt_text":"","src":"https:\/\/i0.wp.com\/hitzezpsikologia.com\/blog\/wp-content\/uploads\/2023\/12\/madres-trabajadoras-2-e1703175883155.jpg?resize=350%2C200&ssl=1","width":350,"height":200,"srcset":"https:\/\/i0.wp.com\/hitzezpsikologia.com\/blog\/wp-content\/uploads\/2023\/12\/madres-trabajadoras-2-e1703175883155.jpg?resize=350%2C200&ssl=1 1x, https:\/\/i0.wp.com\/hitzezpsikologia.com\/blog\/wp-content\/uploads\/2023\/12\/madres-trabajadoras-2-e1703175883155.jpg?resize=525%2C300&ssl=1 1.5x, https:\/\/i0.wp.com\/hitzezpsikologia.com\/blog\/wp-content\/uploads\/2023\/12\/madres-trabajadoras-2-e1703175883155.jpg?resize=700%2C400&ssl=1 2x"},"classes":[]},{"id":798,"url":"https:\/\/hitzezpsikologia.com\/blog\/?p=798","url_meta":{"origin":882,"position":1},"title":"Distancia de rescate. Samanta Schweblin.","author":"HitzezPsikologia","date":"8 de enero de 2025","format":false,"excerpt":"__________________________________ \u00bfHay acaso alg\u00fan apocalipsis que no sea personal? \u00bfCu\u00e1l es el punto exacto en el que, sin saberlo, se da el paso en falso que finalmente nos condena?\u00a0 Una novela que crea tensi\u00f3n por la incomodidad que la misma historia genera, donde cada p\u00e1gina requiere de la siguiente hasta\u2026","rel":"","context":"En \u00abLibros\u00bb","block_context":{"text":"Libros","link":"https:\/\/hitzezpsikologia.com\/blog\/?cat=38"},"img":{"alt_text":"","src":"https:\/\/i0.wp.com\/hitzezpsikologia.com\/blog\/wp-content\/uploads\/2025\/01\/distancia-de-rescate.jpg?resize=350%2C200&ssl=1","width":350,"height":200},"classes":[]},{"id":106,"url":"https:\/\/hitzezpsikologia.com\/blog\/?p=106","url_meta":{"origin":882,"position":2},"title":"Maternidad y puerperio en tiempos de Pandemia","author":"HitzezPsikologia","date":"30 de abril de 2020","format":false,"excerpt":"Si bien hay tantas maternidades como mujeres y modos de transitarlas, en general la maternidad nos lleva a cierto aislamiento, a estar confinadas en el hogar, sin salir, sin espacios y tiempos propios. Y es que ahora la vida de otra persona depende enteramente de la nuestra.\u00a0 En el marco\u2026","rel":"","context":"En \u00abPsicolog\u00eda\u00bb","block_context":{"text":"Psicolog\u00eda","link":"https:\/\/hitzezpsikologia.com\/blog\/?cat=2"},"img":{"alt_text":"","src":"https:\/\/i0.wp.com\/1.bp.blogspot.com\/-Qy3KY-K9sAg\/XqqV7SU1HFI\/AAAAAAAAAE0\/qTwZSlSY3MMPzdkJGwiypJarIA6LQdOmACNcBGAsYHQ\/s200\/Pinzellades%2Bal%2Bm%25C3%25B3n_%2BIl%25C2%25B7lustracions%2Bde%2Bmam%25C3%25A0s%2Bi%2Bbeb%25C3%25A9s_%2Btendresa%2B_%2BIlustraciones%2Bde%2Bmam%25C3%25A1s%2By%2Bbeb%25C3%25A9s_%2Bternura%2B_%2BIllustrations%2Bof%2Bmothers%2Band%2Bbabies_%2Btenderness.jpg?resize=350%2C200&ssl=1","width":350,"height":200},"classes":[]},{"id":669,"url":"https:\/\/hitzezpsikologia.com\/blog\/?p=669","url_meta":{"origin":882,"position":3},"title":"Insomnio. Cuerpo alerta. Sue\u00f1o \u00bfAcaso el cuerpo y la psiquis no est\u00e1n ligados?","author":"HitzezPsikologia","date":"5 de septiembre de 2022","format":false,"excerpt":"\"...a veces intentar dormir-se puede convertirse en un tormento...\" El que la noche se aproxime significa para algunas personas el momento de entregarse al martirio que les supone dormir, cerrar sus ojos, desconectar de la vigilia. Por ello, a veces intentar dormir-se puede convertirse en un tormento, dando entonces lugar\u2026","rel":"","context":"En \u00abPsicoan\u00e1lisis\u00bb","block_context":{"text":"Psicoan\u00e1lisis","link":"https:\/\/hitzezpsikologia.com\/blog\/?cat=50"},"img":{"alt_text":"","src":"https:\/\/i0.wp.com\/hitzezpsikologia.com\/blog\/wp-content\/uploads\/2022\/08\/insomnio.jpg?resize=350%2C200&ssl=1","width":350,"height":200,"srcset":"https:\/\/i0.wp.com\/hitzezpsikologia.com\/blog\/wp-content\/uploads\/2022\/08\/insomnio.jpg?resize=350%2C200&ssl=1 1x, https:\/\/i0.wp.com\/hitzezpsikologia.com\/blog\/wp-content\/uploads\/2022\/08\/insomnio.jpg?resize=525%2C300&ssl=1 1.5x, https:\/\/i0.wp.com\/hitzezpsikologia.com\/blog\/wp-content\/uploads\/2022\/08\/insomnio.jpg?resize=700%2C400&ssl=1 2x"},"classes":[]},{"id":944,"url":"https:\/\/hitzezpsikologia.com\/blog\/?p=944","url_meta":{"origin":882,"position":4},"title":"Los s\u00edntomas contempor\u00e1neos no dicen \u201cno puedo\u201d, dicen \u201cno llego\u201d.","author":"HitzezPsikologia","date":"25 de enero de 2026","format":false,"excerpt":"Hay deseo, hay proyectos, hay voluntad\u2026 pero el cuerpo se planta. No responde. Se cansa, se apaga, se enferma. Por que todo parece posible, todo es urgente, todo es \u201csi quer\u00e9s, pod\u00e9s\u201d, el cuerpo se vuelve el \u00fanico que introduce un freno. En la cl\u00ednica contempor\u00e1nea se escucha con frecuencia\u2026","rel":"","context":"En \u00abActualidad\u00bb","block_context":{"text":"Actualidad","link":"https:\/\/hitzezpsikologia.com\/blog\/?cat=236"},"img":{"alt_text":"","src":"https:\/\/i0.wp.com\/hitzezpsikologia.com\/blog\/wp-content\/uploads\/2026\/01\/Cuerpo-cansado.jpeg?resize=350%2C200&ssl=1","width":350,"height":200,"srcset":"https:\/\/i0.wp.com\/hitzezpsikologia.com\/blog\/wp-content\/uploads\/2026\/01\/Cuerpo-cansado.jpeg?resize=350%2C200&ssl=1 1x, https:\/\/i0.wp.com\/hitzezpsikologia.com\/blog\/wp-content\/uploads\/2026\/01\/Cuerpo-cansado.jpeg?resize=525%2C300&ssl=1 1.5x, https:\/\/i0.wp.com\/hitzezpsikologia.com\/blog\/wp-content\/uploads\/2026\/01\/Cuerpo-cansado.jpeg?resize=700%2C400&ssl=1 2x, https:\/\/i0.wp.com\/hitzezpsikologia.com\/blog\/wp-content\/uploads\/2026\/01\/Cuerpo-cansado.jpeg?resize=1050%2C600&ssl=1 3x"},"classes":[]},{"id":806,"url":"https:\/\/hitzezpsikologia.com\/blog\/?p=806","url_meta":{"origin":882,"position":5},"title":"La verguenza de Annie Ernaux","author":"HitzezPsikologia","date":"8 de enero de 2025","format":false,"excerpt":"- \"Era normal tener verg\u00fcenza, como si esta fuera una consecuencia inevitable del oficio de mis padres, de sus problemas de dinero, de su pasado de obreros, de nuestra forma de ser... Para m\u00ed, la verg\u00fcenza se convirti\u00f3 en una forma de vida. En el peor de los casos era\u2026","rel":"","context":"En \u00abLibros\u00bb","block_context":{"text":"Libros","link":"https:\/\/hitzezpsikologia.com\/blog\/?cat=38"},"img":{"alt_text":"","src":"https:\/\/i0.wp.com\/hitzezpsikologia.com\/blog\/wp-content\/uploads\/2025\/01\/La-verguenza_.jpg?resize=350%2C200&ssl=1","width":350,"height":200},"classes":[]}],"jetpack_sharing_enabled":true,"jetpack_featured_media_url":"https:\/\/hitzezpsikologia.com\/blog\/wp-content\/uploads\/2026\/01\/posparto.png","post_mailing_queue_ids":[],"_links":{"self":[{"href":"https:\/\/hitzezpsikologia.com\/blog\/index.php?rest_route=\/wp\/v2\/posts\/882","targetHints":{"allow":["GET"]}}],"collection":[{"href":"https:\/\/hitzezpsikologia.com\/blog\/index.php?rest_route=\/wp\/v2\/posts"}],"about":[{"href":"https:\/\/hitzezpsikologia.com\/blog\/index.php?rest_route=\/wp\/v2\/types\/post"}],"author":[{"embeddable":true,"href":"https:\/\/hitzezpsikologia.com\/blog\/index.php?rest_route=\/wp\/v2\/users\/1"}],"replies":[{"embeddable":true,"href":"https:\/\/hitzezpsikologia.com\/blog\/index.php?rest_route=%2Fwp%2Fv2%2Fcomments&post=882"}],"version-history":[{"count":2,"href":"https:\/\/hitzezpsikologia.com\/blog\/index.php?rest_route=\/wp\/v2\/posts\/882\/revisions"}],"predecessor-version":[{"id":903,"href":"https:\/\/hitzezpsikologia.com\/blog\/index.php?rest_route=\/wp\/v2\/posts\/882\/revisions\/903"}],"wp:featuredmedia":[{"embeddable":true,"href":"https:\/\/hitzezpsikologia.com\/blog\/index.php?rest_route=\/wp\/v2\/media\/883"}],"wp:attachment":[{"href":"https:\/\/hitzezpsikologia.com\/blog\/index.php?rest_route=%2Fwp%2Fv2%2Fmedia&parent=882"}],"wp:term":[{"taxonomy":"category","embeddable":true,"href":"https:\/\/hitzezpsikologia.com\/blog\/index.php?rest_route=%2Fwp%2Fv2%2Fcategories&post=882"},{"taxonomy":"post_tag","embeddable":true,"href":"https:\/\/hitzezpsikologia.com\/blog\/index.php?rest_route=%2Fwp%2Fv2%2Ftags&post=882"}],"curies":[{"name":"wp","href":"https:\/\/api.w.org\/{rel}","templated":true}]}}